[{"@context":"https:\/\/schema.org\/","@type":"Article","@id":"https:\/\/www.libive.cz\/po-stopach-mayu-azteku-olmeku-zapoteku-i-mixteku\/#Article","mainEntityOfPage":"https:\/\/www.libive.cz\/po-stopach-mayu-azteku-olmeku-zapoteku-i-mixteku\/","headline":"Po stop\u00e1ch May\u016f, Azt\u00e9k\u016f, Olm\u00e9k\u016f, Zapot\u00e9k\u016f i Mixt\u00e9k\u016f","name":"Po stop\u00e1ch May\u016f, Azt\u00e9k\u016f, Olm\u00e9k\u016f, Zapot\u00e9k\u016f i Mixt\u00e9k\u016f","description":"Mezi jedny z\u00a0nejstar\u0161\u00edch obyvatel\u00a0se \u0159ad\u00ed M\u00e1yov\u00e9. Tito obyvatel\u00e9 se nach\u00e1zeli v\u00a0okol\u00ed Mexika a St\u0159edn\u00ed Ameriky. Obyvatel\u016fm se takto p\u0159ezd\u00edvalo z\u00a0d\u016fvodu toho, \u017ee si uchov\u00e1vali sv\u00e9 kulturn\u00ed a jazykov\u00e9 tradice. V\u00a0roce 2012 pr\u00fd podle r\u016fzn\u00fdch verz\u00ed skon\u010dil cyklus maysk\u00e9ho kalend\u00e1\u0159e, kter\u00fd se tedy jak u\u017e z\u00a0n\u00e1zvu vypl\u00fdv\u00e1, \u0159adil k\u00a0M\u00e1y\u016fm. Jejich jazykem je \u0161pan\u011bl\u0161tina. Dnes je\u0161t\u011b st\u00e1le...","datePublished":"2025-03-02","dateModified":"2023-04-29","author":{"@type":"Person","@id":"https:\/\/www.libive.cz\/author\/#Person","name":"libive.cz\n","url":"https:\/\/www.libive.cz\/author\/","identifier":1,"image":{"@type":"ImageObject","@id":"https:\/\/secure.gravatar.com\/avatar\/0c4621640b5c0734669aeb181ef77969b528487727344f28e734a206566ea0f1?s=96&d=mm&r=g","url":"https:\/\/secure.gravatar.com\/avatar\/0c4621640b5c0734669aeb181ef77969b528487727344f28e734a206566ea0f1?s=96&d=mm&r=g","height":96,"width":96}},"publisher":{"@type":"Organization","name":"libive.cz","logo":{"@type":"ImageObject","@id":"\/logo.png","url":"\/logo.png","width":600,"height":60}},"image":{"@type":"ImageObject","@id":"https:\/\/www.libive.cz\/wp-content\/uploads\/img_a294566_w2125_t1506444783.jpg","url":"https:\/\/www.libive.cz\/wp-content\/uploads\/img_a294566_w2125_t1506444783.jpg","height":0,"width":0},"url":"https:\/\/www.libive.cz\/po-stopach-mayu-azteku-olmeku-zapoteku-i-mixteku\/","about":["Kultura"],"wordCount":431,"articleBody":"\tMezi jedny z\u00a0nejstar\u0161\u00edch obyvatel\u00a0se \u0159ad\u00ed M\u00e1yov\u00e9. Tito obyvatel\u00e9 se nach\u00e1zeli v\u00a0okol\u00ed Mexika a St\u0159edn\u00ed Ameriky. Obyvatel\u016fm se takto p\u0159ezd\u00edvalo z\u00a0d\u016fvodu toho, \u017ee si uchov\u00e1vali sv\u00e9 kulturn\u00ed a jazykov\u00e9 tradice. V\u00a0roce 2012 pr\u00fd podle r\u016fzn\u00fdch verz\u00ed skon\u010dil cyklus maysk\u00e9ho kalend\u00e1\u0159e, kter\u00fd se tedy jak u\u017e z\u00a0n\u00e1zvu vypl\u00fdv\u00e1, \u0159adil k\u00a0M\u00e1y\u016fm. Jejich jazykem je \u0161pan\u011bl\u0161tina. Dnes je\u0161t\u011b st\u00e1le existuje mnoho m\u00e1ysk\u00fdm skupin jako jsou nap\u0159\u00edklad Tzotzilov\u00e9, Tzeltalov\u00e9 \u010di \u010colov\u00e9.Azt\u00e9kov\u00e9\tTak\u00e9 \u017eili na \u00fazem\u00ed Mexika ale jejich p\u016fvod je nejist\u00fd. Byli zpo\u010d\u00e1tku velmi bojovn\u00ed.\tKolem 15. stolet\u00ed ovl\u00e1dali t\u00e9m\u011b\u0159 cel\u00e9 Mexiko. Pozd\u011bji se ale za\u010dali v\u011bnovat obchodov\u00e1n\u00edm a \u0159emeslnictv\u00edm. Byli napadeni \u0160pan\u011bly a zahubeni. Byli p\u0159ev\u00e1\u017en\u011b zem\u011bd\u011blci. P\u011bstovali mnoho r\u00fd\u017ee, bavlny, ban\u00e1n\u016f, vanilky apod. Stav\u011bli vysok\u00e9 a p\u0159ekr\u00e1sn\u00e9 chr\u00e1my, vodovody, mosty apod.Olm\u00e9kov\u00e9\tOp\u011bt poch\u00e1z\u00ed z\u00a0Mexika, kde se objevili okolo roku 1200 p\u0159. n. l. Velmi vzr\u016fstala jejich populace, jeliko\u017e s\u00eddlili v\u00a0m\u00edst\u011b, kde se velmi da\u0159ilo zem\u011bd\u011blstv\u00ed.\u00a0 Jejich kultura vznikla jako prvn\u00ed na pob\u0159e\u017e\u00ed Mexick\u00e9ho z\u00e1livu. Byli prvn\u00ed, kte\u0159\u00ed za\u010dali stav\u011bt chr\u00e1my a dal\u0161\u00ed r\u016fzn\u00e1 posv\u00e1tn\u00e1 m\u00edsta. Byli dobr\u00fdmi matematiky i astronomy. P\u00e1d jejich kultury naru\u0161il rovnov\u00e1hu mnoha r\u016fzn\u00fdch oblast\u00ed.Z\u00e1pot\u00e9kov\u00e9\tTomuto n\u00e1rodu se p\u0159ezd\u00edvalo v\u00e1le\u010dnick\u00fd. Byli velmi ovlivn\u011bni olm\u00e9ckou kulturou, kterou p\u0159ejali a p\u0159etvo\u0159ili. Nejd\u016fle\u017eit\u011bj\u0161\u00edm m\u011bstem v\u00a0t\u00e9 dob\u011b bylo Monte Alb\u00e1n, kter\u00e9 se stalo politick\u00fdm a obchodn\u00edm centrem. Hlavn\u00edmi bohy Z\u00e1pot\u00e9k\u016f byl b\u016fh de\u0161t\u011b Cocijo a b\u016fh sv\u011btla\tCoquihani. Symbolem zem\u011b byl jagu\u00e1r. P\u0159i ob\u0159adech ob\u010das ob\u011btov\u00e1vali zajatce. M\u011bli dokonce sv\u00e9 vlastn\u00ed p\u00edsmo a kalend\u00e1\u0159.Mixt\u00e9kov\u00e9\tOzna\u010den\u00ed Mixt\u00e9kov\u00e9 se pou\u017e\u00edvalo pro starov\u011bkou indi\u00e1nskou kulturu. V\u00a011. stolet\u00ed pronikli do oblasti Z\u00e1pot\u00e9k\u016f a obsadili m\u011bsto Monte Alb\u00e1n. Velmi vynikli ve zlatnictv\u00ed, malov\u00e1n\u00ed a \u0161perka\u0159stv\u00ed. Bohu\u017eel ale podlehli Azt\u00e9k\u016fm. Byli nez\u00e1visl\u00fdm panstv\u00edm a bydleli n\u00e1hodn\u011b. Zaj\u00edmavost\u00ed je, \u017ee ji\u017e v\u00a0t\u00e9 dob\u011b pou\u017e\u00edvali mnoho technik nap\u0159\u00edklad na v\u00fdrobu n\u00e1u\u0161nic, n\u00e1hrdeln\u00edk\u016f, prst\u00fdnk\u016f apod.                                                                                                                                                                                                                                                                                                                                                                                        4.2\/5 - (8 votes)        "},{"@context":"https:\/\/schema.org\/","@type":"BreadcrumbList","itemListElement":[{"@type":"ListItem","position":1,"name":"Po stop\u00e1ch May\u016f, Azt\u00e9k\u016f, Olm\u00e9k\u016f, Zapot\u00e9k\u016f i Mixt\u00e9k\u016f","item":"https:\/\/www.libive.cz\/po-stopach-mayu-azteku-olmeku-zapoteku-i-mixteku\/#breadcrumbitem"}]}]