[{"@context":"https:\/\/schema.org\/","@type":"Article","@id":"https:\/\/www.libive.cz\/byli-jsme-vzdycky-takovi-sedlaci\/#Article","mainEntityOfPage":"https:\/\/www.libive.cz\/byli-jsme-vzdycky-takovi-sedlaci\/","headline":"Byli jsme v\u017edycky takov\u00ed sedl\u00e1ci?","name":"Byli jsme v\u017edycky takov\u00ed sedl\u00e1ci?","description":"Bohu\u017eel, asi to bude pravda. Ani ten Karel IV., kter\u00e9ho tak zbo\u017e\u0148ujeme, nebyl \u010cech. \u010cesk\u00fdch p\u00e1n\u016f se zbavili Habsburkov\u00e9 v\u00a0roce 1620 a 1621, zbytek se asimiloval s\u00a0n\u011bmeckou a rakouskou \u0161lechtou a to, co zbylo po 1918 a p\u0159e\u017eilo druhou sv\u011btovou v\u00e1lku, nakonec stejn\u011b udusaly boty proletari\u00e1tu do zem\u011b. \u0158\u00edk\u00e1 se, \u017ee \u0161lechta byla du\u0161\u00ed n\u00e1roda....","datePublished":"2025-02-24","dateModified":"2023-04-29","author":{"@type":"Person","@id":"https:\/\/www.libive.cz\/author\/#Person","name":"libive.cz\n","url":"https:\/\/www.libive.cz\/author\/","identifier":1,"image":{"@type":"ImageObject","@id":"https:\/\/secure.gravatar.com\/avatar\/0c4621640b5c0734669aeb181ef77969b528487727344f28e734a206566ea0f1?s=96&d=mm&r=g","url":"https:\/\/secure.gravatar.com\/avatar\/0c4621640b5c0734669aeb181ef77969b528487727344f28e734a206566ea0f1?s=96&d=mm&r=g","height":96,"width":96}},"publisher":{"@type":"Organization","name":"libive.cz","logo":{"@type":"ImageObject","@id":"\/logo.png","url":"\/logo.png","width":600,"height":60}},"image":{"@type":"ImageObject","@id":"https:\/\/www.libive.cz\/wp-content\/uploads\/img_a327679_w2125_t1539980263.jpg","url":"https:\/\/www.libive.cz\/wp-content\/uploads\/img_a327679_w2125_t1539980263.jpg","height":0,"width":0},"url":"https:\/\/www.libive.cz\/byli-jsme-vzdycky-takovi-sedlaci\/","about":["Kultura"],"wordCount":432,"articleBody":"Bohu\u017eel, asi to bude pravda. Ani ten Karel IV., kter\u00e9ho tak zbo\u017e\u0148ujeme, nebyl \u010cech. \u010cesk\u00fdch p\u00e1n\u016f se zbavili Habsburkov\u00e9 v\u00a0roce 1620 a 1621, zbytek se asimiloval s\u00a0n\u011bmeckou a rakouskou \u0161lechtou a to, co zbylo po 1918 a p\u0159e\u017eilo druhou sv\u011btovou v\u00e1lku, nakonec stejn\u011b udusaly boty proletari\u00e1tu do zem\u011b. \u0158\u00edk\u00e1 se, \u017ee \u0161lechta byla du\u0161\u00ed n\u00e1roda. Patroni um\u011bn\u00ed, jazyka, literatury. Ale \u010desk\u00e9 \u0161lechty, ryze \u010desk\u00e9, jsme skute\u010dn\u011b dlouho nem\u011bli.A co inteligence? Skute\u010dn\u011b \u010deskou inteligenci jsme plodili po m\u00e1lu \u2013 n\u011bmeck\u00fdm jazykem se mluvilo skoro v\u0161ude po n\u011bjak\u00fdch t\u0159i sta let. To je dosti dlouh\u00e1 doba na to, aby to ani N\u00e1rodn\u00ed obrozen\u00ed nedot\u00e1hlo do t\u011bch konc\u016f, do kter\u00fdch cht\u011bli. Mluvit \u010desky bylo modern\u00ed, proto se tolik \u010desk\u00e9 inteligence vyno\u0159ilo. Ale i tak jsme tu \u010deskou inteligenci, jako n\u00e1rod, moc r\u00e1di nem\u011bli. Ti, kte\u0159\u00ed p\u0159e\u017eili druhou sv\u011btovou v\u00e1lku, skon\u010dili v\u011bt\u0161inou tak\u00e9 udus\u00e1ni botami proletari\u00e1tu. Pak tu je\u0161t\u011b byli voj\u00e1ci, letci, hrdinov\u00e9 druh\u00e9 sv\u011btov\u00e9 v\u00e1lky a legion\u00e1\u0159i, kte\u0159\u00ed bojovali za je\u0161t\u011b nevznikl\u00e9 \u010ceskoslovensko. Ti byli tak\u00e9 udus\u00e1ni proletari\u00e1tem a sedl\u00e1ky do zem\u011b, vyhn\u00e1n\u00ed za jejich hrdinstv\u00ed do uranov\u00fdch dol\u016f nebo h\u016f\u0159, v\u011bzn\u011bno a potom jim bylo p\u0159id\u011bleno n\u011bjak\u00e9 pod\u0159adn\u00e9 postaven\u00ed jako skladn\u00edci.\tOdpov\u011b\u010f je jasn\u00e1\tN\u00e1tura \u010desk\u00e9 kultury a n\u00e1roda tkv\u00ed v\u00a0sedl\u00e1ctv\u00ed, malosti a malom\u011b\u0161\u0165\u00e1ctv\u00ed. Takov\u00fd je n\u00e1\u0161 \u017eivot, mor\u00e1ln\u011b udupan\u00fd do nezn\u00e1ma. Pomalu se n\u00e1m vrac\u00ed n\u011bjak\u00e1 hrdost, ale je\u0161t\u011b dlouho potrv\u00e1, ne\u017e se n\u011bco skute\u010dn\u011b hodnotn\u00e9ho uk\u00e1\u017ee. Zat\u00edm je to jedna velk\u00e1 b\u00edda. U\u017e Masaryk bojoval proti falsifik\u00e1t\u016fm a proti pov\u011br\u00e1m, vzpomeneme na Hilsneri\u00e1du. A je t\u011b\u017ek\u00e9 d\u00e1vat Masarykovi za vinu to, \u017ee nakonec jeho idea o \u010dechoslovakismu neusp\u011bla. Ona nikdy ani usp\u011bt nem\u011bla a nemohla.\t\tNem\u011bli jsme natolik kulturn\u011b a inteligentn\u011b vysp\u011bl\u00fd n\u00e1rod, aby v\u016fbec n\u011bjakou ideu udr\u017eel, nato\u017e pak, aby pokra\u010doval. A h\u0159eb\u00edk do rakve jak\u00e9koliv hrdosti byl Edvard Bene\u0161, jakkoliv se sna\u017eil a jakkoliv byl dobr\u00fdm diplomatem a u\u010dencem. Byl \u0161patn\u00fdm politikem a jeho nejv\u011bt\u0161\u00ed chyba se n\u00e1sledn\u011b projevila i na cel\u00e9 devastaci n\u00e1roda a jak\u00e9koliv rod\u00edc\u00ed se kultury, kter\u00e1 um\u0159ela spolu s\u00a0Masarykem.                                                                                                                                                                                                                                                                                                                                                                                        4.5\/5 - (6 votes)        "},{"@context":"https:\/\/schema.org\/","@type":"BreadcrumbList","itemListElement":[{"@type":"ListItem","position":1,"name":"Byli jsme v\u017edycky takov\u00ed sedl\u00e1ci?","item":"https:\/\/www.libive.cz\/byli-jsme-vzdycky-takovi-sedlaci\/#breadcrumbitem"}]}]